{"id":91,"date":"2014-01-29T17:43:17","date_gmt":"2014-01-29T23:43:17","guid":{"rendered":"http:\/\/www.remhi.org.gt\/portal\/?p=91"},"modified":"2024-09-13T20:21:45","modified_gmt":"2024-09-14T02:21:45","slug":"discurso-de-monsenor-juan-gerardi-con-ocasion-de-la-presentacion-del-informe-remhi","status":"publish","type":"post","link":"https:\/\/www.remhi.org.gt\/portal\/discurso-de-monsenor-juan-gerardi-con-ocasion-de-la-presentacion-del-informe-remhi\/","title":{"rendered":"Discurso de Monse\u00f1or Juan Gerardi con ocasi\u00f3n de la presentaci\u00f3n del informe REMHI"},"content":{"rendered":"<p align=\"center\">Catedral Metropolitana, 24 Abril 1998.<\/p>\n<p>El Proyecto REMHI ha sido un esfuerzo que se sit\u00faa dentro de la Pastoral de los Derechos Humanos, que a su vez es parte de la Pastoral Social de la Iglesia: es una misi\u00f3n de servicio al hombre y a la sociedad.<\/p>\n<p>Ante los temas econ\u00f3micos y pol\u00edticos, mucha gente reacciona diciendo: \u201cpara qu\u00e9 se mete en esto la Iglesia\u201d. Quisieran que nos dedic\u00e1ramos \u00fanicamente a los ministerios. Pero la Iglesia tiene una misi\u00f3n que cumplir en el ordenamiento de la sociedad, que incluye los valores \u00e9ticos, morales y evang\u00e9licos. \u00bfQu\u00e9 nos dicen los mandamientos? \u00abAmar\u00e1s a tu pr\u00f3jimo como a ti mismo\u00bb. Y precisamente hacia ese pr\u00f3jimo tiene que dirigir su misi\u00f3n la Iglesia.<\/p>\n<p>El Papa Juan Pablo II nos dice, hablando a los laicos: \u201cRedescubrir la dignidad de la persona humana constituye una tarea esencial de la Iglesia\u201d. Esta tambi\u00e9n fue la labor evangelizadora de Jes\u00fas. El Se\u00f1or puso la dignidad de las personas como centro del Evangelio.<\/p>\n<p>El Proyecto REMHI en el confluir del trabajo pastoral de la Iglesia es una denuncia, leg\u00edtima, dolorosa que debemos de escuchar con profundo respeto y esp\u00edritu solidario. Pero tambi\u00e9n es un anuncio, una alternativa para encontrar nuevos caminos de convivencia humana. Cuando emprendimos esta tarea nos interesaba conocer, para compartir, la verdad, reconstruir la historia de dolor y muerte, ver los m\u00f3viles, entender el por qu\u00e9 y el c\u00f3mo. Mostrar el drama humano, compartir la pena, la angustia de los miles de muertos, desaparecidos y torturados; ver la ra\u00edz de la injusticia y la ausencia de valores.<\/p>\n<p>Este es un modo pastoral de hacer las cosas. Es trabajar a la luz de la fe, encontrar el rostro de Dios, la presencia del Se\u00f1or. En todos estos acontecimientos, es Dios quien nos est\u00e1 hablando. Estamos llamados a reconciliar. La misi\u00f3n de Jes\u00fas es reconciliadora. Su presencia nos llama a ser reconciliadores en esta sociedad quebrada, tratando de ubicar v\u00edctimas y victimarios dentro de la justicia. Hay gente que muri\u00f3 por un ideal. Y los verdugos fueron muchas veces instrumentos. La conversi\u00f3n es necesaria, y nos toca abrir los espacios para estimularla. No se trata de aceptar los hechos simplemente. Es menester reflexionar y recuperar los valores.<\/p>\n<p>Queremos contribuir a la construcci\u00f3n de un pa\u00eds distinto. Por eso recuperamos la memoria del pueblo. Este camino estuvo y sigue estando lleno de riesgos, pero la construcci\u00f3n del Reino de Dios tiene riesgos y s\u00f3lo son sus constructores aquellos que tienen fuerza para enfrentarlos.<\/p>\n<p>El 23 de junio de 1994, las partes que negociaron los acuerdos de paz manifestaron su convicci\u00f3n del \u00abderecho que asiste a todo el pueblo de Guatemala de conocer plenamente la verdad\u00bb sobre los acontecimientos ocurridos durante el conflicto armado, \u00abcuyo esclarecimiento contribuir\u00e1 a que no se repitan las p\u00e1ginas tristes y dolorosas y que se fortalezca el proceso de democratizaci\u00f3n en el pa\u00eds\u00bb, y subrayaron que esta es una condici\u00f3n indispensable para lograr la paz. Este es parte del pre\u00e1mbulo del Acuerdo que cre\u00f3 la Comisi\u00f3n del Esclarecimiento Hist\u00f3rico, que ahora tambi\u00e9n est\u00e1 concluyendo su importante labor.<\/p>\n<p>La Iglesia se hizo eco de este anhelo y se comprometi\u00f3 a la b\u00fasqueda de \u00abconocer la verdad\u00bb, convencida de que, como dijo el Papa Juan Pablo II, la \u00abVerdad es la fuerza de la paz\u00bb (Jornada Mundial por la Paz, 1980). Como parte de nuestra Iglesia, asumimos responsablemente y en conjunto esta tarea de romper el silencio que durante a\u00f1os han mantenido miles de v\u00edctimas de la guerra y abri\u00f3 la posibilidad de que hablaran y dijeran su palabra, contaran su historia de dolor y sufrimiento a fin de sentirse liberadas del peso que durante a\u00f1os las ha abrumado.<\/p>\n<p>Este ha sido esencialmente el prop\u00f3sito que ha animado el trabajo que durante estos tres a\u00f1os ha realizado el Proyecto REMHI: conocer la verdad que a todos nos har\u00e1 libres (Juan, 8, 32).<\/p>\n<p>Nosotros, como personas de fe, descubrimos en el acuerdo del esclarecimiento hist\u00f3rico un llamado de Dios a nuestra misi\u00f3n como Iglesia: la verdad como vocaci\u00f3n de toda la humanidad. Desde la Palabra de Dios no podemos ocultar o encubrir la realidad, no podemos tergiversar la historia ni debemos silenciar la verdad.<\/p>\n<p>San Pablo, hace veinte siglos, hac\u00eda una afirmaci\u00f3n que nuestra historia reciente la ha confirmado fehacientemente: \u00abSe est\u00e1 revelando desde el cielo la reprobaci\u00f3n de Dios contra toda impiedad e injusticia humana, la de aquellos que reprimen con injusticias la verdad\u00bb (Rom, 1,18). La verdad en nuestro pa\u00eds ha sido torcida y acallada.<\/p>\n<p>Dios se opone inflexiblemente al mal en cualquier forma que se presente. La ra\u00edz de la ruina, de las desgracias de la humanidad, nace de una oposici\u00f3n deliberada a la verdad, que es la realidad radical de Dios y del hombre. Y esta realidad es la que ha sido intencionalmente deformada en nuestro pa\u00eds a lo largo de 36 a\u00f1os de guerra contra la gente.<\/p>\n<p>De ah\u00ed que el \u00abesclarecimiento hist\u00f3rico, dec\u00edamos los Obispos en la carta pastoral \u00a1Urge la Verdadera Paz!, \u00abno s\u00f3lo es necesario, sino indispensable para que el pasado no se repita con sus graves consecuencias. Mientras no se sepa la verdad, las heridas del pasado seguir\u00e1n abiertas y sin cicatrizar\u00bb.<\/p>\n<p>No tenemos la menor duda, como Iglesia, que el trabajo que hemos realizado en estos a\u00f1os ha sido una historia de gracia y de salvaci\u00f3n, un verdadero paso hacia la paz como fruto de la justicia, que ha ido suavemente regando semillas de vida y dignidad por todo el pa\u00eds, siendo gestor y part\u00edcipe el mismo pueblo sufrido. Ha sido un bello servicio de veneraci\u00f3n a los m\u00e1rtires y de dignificaci\u00f3n de las v\u00edctimas que fueron blanco de los planes de destrucci\u00f3n y muerte.<\/p>\n<p>Abrirnos a la verdad, encarar nuestra realidad personal y colectiva no es una opci\u00f3n que se puede aceptar o dejar, es una exigencia inapelable para todo ser humano, para toda sociedad que pretenda humanizarse y ser libre. Nos sit\u00faa ante nuestra condici\u00f3n m\u00e1s radical como personas: somos hijos e hijas de Dios, llamados a participar de la libertad del Padre.<\/p>\n<p>A\u00f1os de terror y muerte han desplazado y reducido al miedo y al silencio a la mayor\u00eda de guatemaltecos. La verdad es la palabra primera, la acci\u00f3n seria y madura que nos posibilita romper ese ciclo de violencia y muerte, y abrirnos a un futuro de esperanza y luz para todos.<\/p>\n<p>El trabajo de REMHI ha sido una empresa asombrosa de conocimiento, profundizaci\u00f3n y apropiaci\u00f3n de nuestra historia personal y colectiva. Ha sido una puerta abierta para que las personas respiren y hablen en libertad, para la creaci\u00f3n de comunidades con esperanza. Es posible la paz, una paz que nace de la verdad de cada uno y de todos: Verdad dolorosa, memoria de las llagas profundas y sangrientas del pa\u00eds; verdad personificante y liberadora que posibilita que todo hombre y mujer se encuentre consigo mismo y asuma su historia; verdad que a todos nos desaf\u00eda para que reconozcamos la responsabilidad individual y colectiva y nos comprometamos a que esos abominables hechos no vuelvan a repetirse.<\/p>\n<p>El compromiso de este Proyecto con la gente que dio su testimonio ha sido recoger su experiencia en este Informe y apoyar globalmente las demandas de las v\u00edctimas. Pero entre las expectativas y nuestro compromiso tambi\u00e9n se encuentra la devoluci\u00f3n de la memoria. El trabajo de b\u00fasqueda de la verdad no termina aqu\u00ed, tiene que regresar a donde naci\u00f3 y apoyar mediante la producci\u00f3n de materiales, ceremonias, monumentos etc. el papel de la memoria como un instrumento de reconstrucci\u00f3n social.<\/p>\n<p>El Papa Juan Pablo II nos dice: \u201cEs preciso mantener vivo el recuerdo de lo sucedido: es un deber concreto\u201d. Lo que la Segunda Guerra Mundial signific\u00f3 para los europeos y para el mundo se ha podido comprender en estos 50 a\u00f1os transcurridos gracias a la adquisici\u00f3n de nuevos datos que han mantenido un mejor conocimiento de los sufrimientos que caus\u00f3 (50 Aniversario del final de la Segunda Guerra Mundial).<\/p>\n<p>Esto es lo que ha hecho el Proyecto REMHI en Guatemala. Conocer la verdad duele pero es, sin duda, una acci\u00f3n altamente saludable y liberadora. Los miles de testimonios de las v\u00edctimas, los relatos de los cr\u00edmenes horrorosos son la actualizaci\u00f3n de la figura del \u00abSiervo sufriente de Yahv\u00e9\u00bb, encarnado en el pueblo de Guatemala: \u00abMirad a mi siervo -dice Isa\u00edas- muchos se espantaron de \u00e9l, desfigurado no parec\u00eda hombre, no ten\u00eda aspecto humano&#8230; El soport\u00f3 nuestros sufrimientos y aguant\u00f3 nuestros dolores; nosotros lo estimamos leproso y herido de Dios&#8230;\u00bb (Is. 52,13 &#8211; 53,4).<\/p>\n<p>La actualizaci\u00f3n y memoria de estos hechos dolorosos nos confrontan con una palabra original de nuestra fe: \u00abCa\u00edn, \u00bfd\u00f3nde est\u00e1 tu hermano Abel? No s\u00e9, contest\u00f3. \u00bfSoy acaso el guardi\u00e1n de mi hermano? Replic\u00f3 Yahv\u00e9: \u00bfQu\u00e9 has hecho? Se oye la sangre de tu hermano clamar desde el suelo hasta m\u00ed\u00bb (Gen, 4, 9-10).<\/p>\n","protected":false},"excerpt":{"rendered":"<p>Catedral Metropolitana, 24 Abril 1998. El Proyecto REMHI ha sido un esfuerzo que se sit\u00faa dentro de la Pastoral de los Derechos Humanos, que a su vez es parte de &#8230;<\/p>\n","protected":false},"author":1,"featured_media":49,"comment_status":"closed","ping_status":"closed","sticky":false,"template":"","format":"standard","meta":{"saved_in_kubio":true,"jetpack_post_was_ever_published":false,"_jetpack_newsletter_access":"","_jetpack_dont_email_post_to_subs":false,"_jetpack_newsletter_tier_id":0,"_jetpack_memberships_contains_paywalled_content":false,"_jetpack_memberships_contains_paid_content":false,"footnotes":"","jetpack_publicize_message":"","jetpack_publicize_feature_enabled":true,"jetpack_social_post_already_shared":false,"jetpack_social_options":{"image_generator_settings":{"template":"highway","default_image_id":0,"font":"","enabled":false},"version":2}},"categories":[1,4],"tags":[],"class_list":["post-91","post","type-post","status-publish","format-standard","has-post-thumbnail","hentry","category-acerca-de","category-noticias"],"jetpack_publicize_connections":[],"jetpack_featured_media_url":"https:\/\/i0.wp.com\/www.remhi.org.gt\/portal\/wp-content\/uploads\/2013\/04\/15anios.jpg?fit=503%2C542&ssl=1","jetpack_sharing_enabled":true,"jetpack_shortlink":"https:\/\/wp.me\/p9gm4t-1t","jetpack_likes_enabled":true,"jetpack-related-posts":[{"id":89,"url":"https:\/\/www.remhi.org.gt\/portal\/homilia-del-sr-arzobispo-metropolitano-de-santiago-de-guatemala-s-e-mons-oscar-julio-vian-morales-sdb-en-ocasion-del-15-aniversario-del-asesinato-de-mons-juan-jose-gerardi\/","url_meta":{"origin":91,"position":0},"title":"Homil\u00eda del Sr. Arzobispo Metropolitano de Santiago de Guatemala S.E. Mons. Oscar Julio Vian Morales, sdb en ocasio\u0301n del 15 aniversario del asesinato de Mons. Juan Jose\u0301 Gerardi","author":"admin","date":"29 enero, 2014","format":false,"excerpt":"Homili\u0301a del Sr. Arzobispo Metropolitano de Santiago de Guatemala S.E. Mons. Oscar Julio Vian Morales, sdb en ocasio\u0301n de 15 aniversario del asesinato de Mons. Juan Jose\u0301 Gerardi Queridos hermanos y hermanas: \u00a1HOY es pascua para nosotros! \u00a1Jesu\u0301s ha resucitado! En este di\u0301a, 26 de abril, nos reunimos en torno\u2026","rel":"","context":"En \u00abNoticias\u00bb","block_context":{"text":"Noticias","link":"https:\/\/www.remhi.org.gt\/portal\/category\/noticias\/"},"img":{"alt_text":"","src":"","width":0,"height":0},"classes":[]},{"id":100,"url":"https:\/\/www.remhi.org.gt\/portal\/comunicado-ceg-conferencia-episcopal-de-guatemala-26abr13\/","url_meta":{"origin":91,"position":1},"title":"Comunicado CEG: Conferencia Episcopal de Guatemala 26\/abr\/13","author":"admin","date":"29 enero, 2014","format":false,"excerpt":"\u201cLA PAZ ESTE CON USTEDES\" (Jn 20,20) Mensaje de la Conferencia Episcopal de Guatemala. Los obispos de Guatemala nos dirigimos a todos los fieles cristianos cat\u00f3licos y a todos los creyentes y hombres y mujeres de buena voluntad. Este tiempo de Pascua nos llama reiteradamente a la esperanza en Cristo\u2026","rel":"","context":"En \u00abNoticias\u00bb","block_context":{"text":"Noticias","link":"https:\/\/www.remhi.org.gt\/portal\/category\/noticias\/"},"img":{"alt_text":"","src":"","width":0,"height":0},"classes":[]},{"id":14,"url":"https:\/\/www.remhi.org.gt\/portal\/presentacion\/","url_meta":{"origin":91,"position":2},"title":"Presentaci\u00f3n","author":"admin","date":"12 enero, 2013","format":false,"excerpt":"Para que todos lo sepan. Palabras de Monse\u00f1or Juan Jos\u00e9 Gerardi\u00a0 que nos empujan a hacer nuestro mejor esfuerzo por dar a conocer la verdad desde las v\u00edctimas quienes con su testimonio nos brindaron la oportunidad de reconstruir una parte de nuestra historia que no queremos repetir. Es por ello\u2026","rel":"","context":"En \u00abInformaci\u00f3n General\u00bb","block_context":{"text":"Informaci\u00f3n General","link":"https:\/\/www.remhi.org.gt\/portal\/category\/informacion-general\/"},"img":{"alt_text":"Logo REMHI","src":"https:\/\/i0.wp.com\/www.remhi.org.gt\/portal\/wp-content\/uploads\/2014\/04\/remhi_loguito1.jpg?resize=350%2C200","width":350,"height":200},"classes":[]},{"id":83,"url":"https:\/\/www.remhi.org.gt\/portal\/metodologia-de-investigacion\/","url_meta":{"origin":91,"position":3},"title":"Metodolog\u00eda de investigaci\u00f3n","author":"admin","date":"6 abril, 2013","format":false,"excerpt":"Informe elaborado por Carlos Mart\u00edn Beristain, coordinador del Informe Guatemala Nunca M\u00e1s. \u00a0 El Proyecto REMHI En 1995, dos a\u00f1os antes de la firma de los Acuerdos de Paz entre el gobierno de Guatemala y la URNG, la Oficina de Derechos Humanos del Arzobispado (ODHAG) inici\u00f3 un proyecto para recoger\u2026","rel":"","context":"En \u00abAcerca de\u00bb","block_context":{"text":"Acerca de","link":"https:\/\/www.remhi.org.gt\/portal\/category\/acerca-de\/"},"img":{"alt_text":"","src":"https:\/\/i0.wp.com\/www.remhi.org.gt\/portal\/wp-content\/uploads\/2013\/04\/archivo_remhi.jpg?fit=384%2C299&ssl=1&resize=350%2C200","width":350,"height":200},"classes":[]},{"id":167,"url":"https:\/\/www.remhi.org.gt\/portal\/actividades-del-17-aniversario\/","url_meta":{"origin":91,"position":4},"title":"Actividades del 17 aniversario","author":"admin","date":"8 abril, 2015","format":"aside","excerpt":"Ent\u00e9rate de las actividades que se han preparado","rel":"","context":"En \u00abNoticias\u00bb","block_context":{"text":"Noticias","link":"https:\/\/www.remhi.org.gt\/portal\/category\/noticias\/"},"img":{"alt_text":"Descarga el afiche","src":"https:\/\/i0.wp.com\/www.remhi.org.gt\/portal\/wp-content\/uploads\/2015\/04\/17aniv_ico-228x300.jpg?resize=350%2C200","width":350,"height":200},"classes":[]},{"id":180,"url":"https:\/\/www.remhi.org.gt\/portal\/orden-monsenor-gerardi\/","url_meta":{"origin":91,"position":5},"title":"Orden \u00abMonse\u00f1or Gerardi\u00bb","author":"admin","date":"1 diciembre, 2015","format":false,"excerpt":"Bases para Postular Se instaura la \u201cOrden Monse\u00f1or Gerardi a los Derechos Humanos\u201d como un reconocimiento de la Oficina de Derechos Humanos del Arzobispado de Guatemala al trabajo que a favor de los Derechos Humanos, la Memoria Hist\u00f3rica o la preservaci\u00f3n de la Memoria de Monse\u00f1or Juan Gerardi realicen personas\u2026","rel":"","context":"En \u00abNoticias\u00bb","block_context":{"text":"Noticias","link":"https:\/\/www.remhi.org.gt\/portal\/category\/noticias\/"},"img":{"alt_text":"Orden Gerardi","src":"https:\/\/i0.wp.com\/www.remhi.org.gt\/portal\/wp-content\/uploads\/2015\/12\/ordenGerardi-284x300.png?resize=350%2C200","width":350,"height":200},"classes":[]}],"_links":{"self":[{"href":"https:\/\/www.remhi.org.gt\/portal\/wp-json\/wp\/v2\/posts\/91","targetHints":{"allow":["GET"]}}],"collection":[{"href":"https:\/\/www.remhi.org.gt\/portal\/wp-json\/wp\/v2\/posts"}],"about":[{"href":"https:\/\/www.remhi.org.gt\/portal\/wp-json\/wp\/v2\/types\/post"}],"author":[{"embeddable":true,"href":"https:\/\/www.remhi.org.gt\/portal\/wp-json\/wp\/v2\/users\/1"}],"replies":[{"embeddable":true,"href":"https:\/\/www.remhi.org.gt\/portal\/wp-json\/wp\/v2\/comments?post=91"}],"version-history":[{"count":1,"href":"https:\/\/www.remhi.org.gt\/portal\/wp-json\/wp\/v2\/posts\/91\/revisions"}],"predecessor-version":[{"id":92,"href":"https:\/\/www.remhi.org.gt\/portal\/wp-json\/wp\/v2\/posts\/91\/revisions\/92"}],"wp:featuredmedia":[{"embeddable":true,"href":"https:\/\/www.remhi.org.gt\/portal\/wp-json\/wp\/v2\/media\/49"}],"wp:attachment":[{"href":"https:\/\/www.remhi.org.gt\/portal\/wp-json\/wp\/v2\/media?parent=91"}],"wp:term":[{"taxonomy":"category","embeddable":true,"href":"https:\/\/www.remhi.org.gt\/portal\/wp-json\/wp\/v2\/categories?post=91"},{"taxonomy":"post_tag","embeddable":true,"href":"https:\/\/www.remhi.org.gt\/portal\/wp-json\/wp\/v2\/tags?post=91"}],"curies":[{"name":"wp","href":"https:\/\/api.w.org\/{rel}","templated":true}]}}